{"id":3361,"date":"2022-07-19T08:58:09","date_gmt":"2022-07-19T08:58:09","guid":{"rendered":"https:\/\/artworkprofesional.com\/?p=3361"},"modified":"2022-07-19T10:19:35","modified_gmt":"2022-07-19T10:19:35","slug":"peinados-ideales-para-el-verano","status":"publish","type":"post","link":"https:\/\/artworkprofesional.com\/en\/peinados-ideales-para-el-verano\/","title":{"rendered":"Peinados ideales para el verano"},"content":{"rendered":"<p><strong>Coletas en todas sus versiones, trenzas, mo\u00f1os y semi recogidos. Echa un vistazo a los peinados de la \u00faltima Pasarela de Moda Ba\u00f1o Mediterr\u00e1nea Fashion Beach en Benidorm, en la que Artwork ha sido la marca oficial de Peluquer\u00eda.<\/strong><\/p>\n<h2>COLETAS<\/h2>\n<p>Las coletas son una opci\u00f3n muy favorecedora y un peinado sencillo de realizar. Quedan ideal con cualquier tipo y textura de pelo. Desde la coleta XXL con el cabello liso, con ondas o rizado.\u00a0Si quieres darle un toque m\u00e1s <em>ibicenco<\/em>, puedes combinarlas con peque\u00f1as trenzas en la parte superior. Tambi\u00e9n puedes a\u00f1adir alg\u00fan\u00a0adorno como horquillas joya o lazos para darle un toque\u00a0especial\u00a0al look.<\/p>\n<p><img loading=\"lazy\" decoding=\"async\" class=\"alignnone size-medium wp-image-3366\" src=\"https:\/\/artworkprofesional.com\/wp-content\/uploads\/2022\/07\/peinado-coleta-verano-3-300x300.jpg\" alt=\"\" width=\"300\" height=\"300\" srcset=\"https:\/\/artworkprofesional.com\/wp-content\/uploads\/2022\/07\/peinado-coleta-verano-3-300x300.jpg 300w, https:\/\/artworkprofesional.com\/wp-content\/uploads\/2022\/07\/peinado-coleta-verano-3-150x150.jpg 150w, https:\/\/artworkprofesional.com\/wp-content\/uploads\/2022\/07\/peinado-coleta-verano-3-768x768.jpg 768w, https:\/\/artworkprofesional.com\/wp-content\/uploads\/2022\/07\/peinado-coleta-verano-3-12x12.jpg 12w, https:\/\/artworkprofesional.com\/wp-content\/uploads\/2022\/07\/peinado-coleta-verano-3-800x800.jpg 800w, https:\/\/artworkprofesional.com\/wp-content\/uploads\/2022\/07\/peinado-coleta-verano-3-100x100.jpg 100w, https:\/\/artworkprofesional.com\/wp-content\/uploads\/2022\/07\/peinado-coleta-verano-3.jpg 1000w\" sizes=\"auto, (max-width: 300px) 100vw, 300px\" \/><img loading=\"lazy\" decoding=\"async\" class=\"alignnone size-medium wp-image-3367\" src=\"https:\/\/artworkprofesional.com\/wp-content\/uploads\/2022\/07\/peinado-coleta-verano-300x300.jpg\" alt=\"\" width=\"300\" height=\"300\" srcset=\"https:\/\/artworkprofesional.com\/wp-content\/uploads\/2022\/07\/peinado-coleta-verano-300x300.jpg 300w, https:\/\/artworkprofesional.com\/wp-content\/uploads\/2022\/07\/peinado-coleta-verano-150x150.jpg 150w, https:\/\/artworkprofesional.com\/wp-content\/uploads\/2022\/07\/peinado-coleta-verano-768x768.jpg 768w, https:\/\/artworkprofesional.com\/wp-content\/uploads\/2022\/07\/peinado-coleta-verano-12x12.jpg 12w, https:\/\/artworkprofesional.com\/wp-content\/uploads\/2022\/07\/peinado-coleta-verano-800x800.jpg 800w, https:\/\/artworkprofesional.com\/wp-content\/uploads\/2022\/07\/peinado-coleta-verano-100x100.jpg 100w, https:\/\/artworkprofesional.com\/wp-content\/uploads\/2022\/07\/peinado-coleta-verano.jpg 1000w\" sizes=\"auto, (max-width: 300px) 100vw, 300px\" \/><img loading=\"lazy\" decoding=\"async\" class=\"alignnone size-medium wp-image-3369\" src=\"https:\/\/artworkprofesional.com\/wp-content\/uploads\/2022\/07\/peinado-coleta-verano-4-300x300.jpg\" alt=\"\" width=\"300\" height=\"300\" srcset=\"https:\/\/artworkprofesional.com\/wp-content\/uploads\/2022\/07\/peinado-coleta-verano-4-300x300.jpg 300w, https:\/\/artworkprofesional.com\/wp-content\/uploads\/2022\/07\/peinado-coleta-verano-4-150x150.jpg 150w, https:\/\/artworkprofesional.com\/wp-content\/uploads\/2022\/07\/peinado-coleta-verano-4-768x768.jpg 768w, https:\/\/artworkprofesional.com\/wp-content\/uploads\/2022\/07\/peinado-coleta-verano-4-12x12.jpg 12w, https:\/\/artworkprofesional.com\/wp-content\/uploads\/2022\/07\/peinado-coleta-verano-4-800x800.jpg 800w, https:\/\/artworkprofesional.com\/wp-content\/uploads\/2022\/07\/peinado-coleta-verano-4-100x100.jpg 100w, https:\/\/artworkprofesional.com\/wp-content\/uploads\/2022\/07\/peinado-coleta-verano-4.jpg 1000w\" sizes=\"auto, (max-width: 300px) 100vw, 300px\" \/><img loading=\"lazy\" decoding=\"async\" class=\"alignnone size-medium wp-image-3376\" src=\"https:\/\/artworkprofesional.com\/wp-content\/uploads\/2022\/07\/coletaconpanuelo-300x300.jpg\" alt=\"\" width=\"300\" height=\"300\" srcset=\"https:\/\/artworkprofesional.com\/wp-content\/uploads\/2022\/07\/coletaconpanuelo-300x300.jpg 300w, https:\/\/artworkprofesional.com\/wp-content\/uploads\/2022\/07\/coletaconpanuelo-150x150.jpg 150w, https:\/\/artworkprofesional.com\/wp-content\/uploads\/2022\/07\/coletaconpanuelo-768x768.jpg 768w, https:\/\/artworkprofesional.com\/wp-content\/uploads\/2022\/07\/coletaconpanuelo-12x12.jpg 12w, https:\/\/artworkprofesional.com\/wp-content\/uploads\/2022\/07\/coletaconpanuelo-800x800.jpg 800w, https:\/\/artworkprofesional.com\/wp-content\/uploads\/2022\/07\/coletaconpanuelo-100x100.jpg 100w, https:\/\/artworkprofesional.com\/wp-content\/uploads\/2022\/07\/coletaconpanuelo.jpg 1000w\" sizes=\"auto, (max-width: 300px) 100vw, 300px\" \/><\/p>\n<p>&nbsp;<\/p>\n<h2>TRENZAS<\/h2>\n<p>Las Baby Braids, las trenzas corona y las trenzas \u00abpegadas\u00bb son sin duda uno de los peinados de la temporada por su versatilidad.<\/p>\n<p>Si te gustan los <em>looks<\/em>\u00a0playeros, crea un semirecogido, dejando una parte del cabello suelto con ondas o su textura natural.<\/p>\n<h2><img loading=\"lazy\" decoding=\"async\" class=\"alignnone size-medium wp-image-3370\" src=\"https:\/\/artworkprofesional.com\/wp-content\/uploads\/2022\/07\/trenza-300x300.jpg\" alt=\"\" width=\"300\" height=\"300\" srcset=\"https:\/\/artworkprofesional.com\/wp-content\/uploads\/2022\/07\/trenza-300x300.jpg 300w, https:\/\/artworkprofesional.com\/wp-content\/uploads\/2022\/07\/trenza-150x150.jpg 150w, https:\/\/artworkprofesional.com\/wp-content\/uploads\/2022\/07\/trenza-768x768.jpg 768w, https:\/\/artworkprofesional.com\/wp-content\/uploads\/2022\/07\/trenza-12x12.jpg 12w, https:\/\/artworkprofesional.com\/wp-content\/uploads\/2022\/07\/trenza-800x800.jpg 800w, https:\/\/artworkprofesional.com\/wp-content\/uploads\/2022\/07\/trenza-100x100.jpg 100w, https:\/\/artworkprofesional.com\/wp-content\/uploads\/2022\/07\/trenza.jpg 1000w\" sizes=\"auto, (max-width: 300px) 100vw, 300px\" \/><img loading=\"lazy\" decoding=\"async\" class=\"alignnone size-medium wp-image-3368\" src=\"https:\/\/artworkprofesional.com\/wp-content\/uploads\/2022\/07\/trenzas-corona-300x300.jpg\" alt=\"\" width=\"300\" height=\"300\" srcset=\"https:\/\/artworkprofesional.com\/wp-content\/uploads\/2022\/07\/trenzas-corona-300x300.jpg 300w, https:\/\/artworkprofesional.com\/wp-content\/uploads\/2022\/07\/trenzas-corona-150x150.jpg 150w, https:\/\/artworkprofesional.com\/wp-content\/uploads\/2022\/07\/trenzas-corona-768x768.jpg 768w, https:\/\/artworkprofesional.com\/wp-content\/uploads\/2022\/07\/trenzas-corona-12x12.jpg 12w, https:\/\/artworkprofesional.com\/wp-content\/uploads\/2022\/07\/trenzas-corona-800x800.jpg 800w, https:\/\/artworkprofesional.com\/wp-content\/uploads\/2022\/07\/trenzas-corona-100x100.jpg 100w, https:\/\/artworkprofesional.com\/wp-content\/uploads\/2022\/07\/trenzas-corona.jpg 1000w\" sizes=\"auto, (max-width: 300px) 100vw, 300px\" \/><img loading=\"lazy\" decoding=\"async\" class=\"alignnone size-medium wp-image-3364\" src=\"https:\/\/artworkprofesional.com\/wp-content\/uploads\/2022\/07\/peinado-trenza-verano-300x300.jpg\" alt=\"\" width=\"300\" height=\"300\" srcset=\"https:\/\/artworkprofesional.com\/wp-content\/uploads\/2022\/07\/peinado-trenza-verano-300x300.jpg 300w, https:\/\/artworkprofesional.com\/wp-content\/uploads\/2022\/07\/peinado-trenza-verano-1024x1024.jpg 1024w, https:\/\/artworkprofesional.com\/wp-content\/uploads\/2022\/07\/peinado-trenza-verano-150x150.jpg 150w, https:\/\/artworkprofesional.com\/wp-content\/uploads\/2022\/07\/peinado-trenza-verano-768x768.jpg 768w, https:\/\/artworkprofesional.com\/wp-content\/uploads\/2022\/07\/peinado-trenza-verano-12x12.jpg 12w, https:\/\/artworkprofesional.com\/wp-content\/uploads\/2022\/07\/peinado-trenza-verano-800x800.jpg 800w, https:\/\/artworkprofesional.com\/wp-content\/uploads\/2022\/07\/peinado-trenza-verano-100x100.jpg 100w, https:\/\/artworkprofesional.com\/wp-content\/uploads\/2022\/07\/peinado-trenza-verano.jpg 1200w\" sizes=\"auto, (max-width: 300px) 100vw, 300px\" \/><img loading=\"lazy\" decoding=\"async\" class=\"alignnone size-medium wp-image-3377\" src=\"https:\/\/artworkprofesional.com\/wp-content\/uploads\/2022\/07\/semirecogido-300x300.jpg\" alt=\"\" width=\"300\" height=\"300\" srcset=\"https:\/\/artworkprofesional.com\/wp-content\/uploads\/2022\/07\/semirecogido-300x300.jpg 300w, https:\/\/artworkprofesional.com\/wp-content\/uploads\/2022\/07\/semirecogido-150x150.jpg 150w, https:\/\/artworkprofesional.com\/wp-content\/uploads\/2022\/07\/semirecogido-768x768.jpg 768w, https:\/\/artworkprofesional.com\/wp-content\/uploads\/2022\/07\/semirecogido-12x12.jpg 12w, https:\/\/artworkprofesional.com\/wp-content\/uploads\/2022\/07\/semirecogido-800x800.jpg 800w, https:\/\/artworkprofesional.com\/wp-content\/uploads\/2022\/07\/semirecogido-100x100.jpg 100w, https:\/\/artworkprofesional.com\/wp-content\/uploads\/2022\/07\/semirecogido.jpg 1000w\" sizes=\"auto, (max-width: 300px) 100vw, 300px\" \/><\/h2>\n<p>&nbsp;<\/p>\n<h2>MO\u00d1OS<\/h2>\n<p>El mo\u00f1o es un peinado perfecto para el verano para no pasar calor y llevar el cabello recogido con estilo. El mo\u00f1o\u00a0bajo tipo bailarina y el mo\u00f1o alto desenfadado son los peinados por excelencia del verano. Puedes lucirlo con un estilo natural y deshecho o m\u00e1s pulido si quieres un look m\u00e1s estilizado.<\/p>\n<p><img loading=\"lazy\" decoding=\"async\" class=\"alignnone size-medium wp-image-3371\" src=\"https:\/\/artworkprofesional.com\/wp-content\/uploads\/2022\/07\/mono-verano-2-300x300.jpg\" alt=\"\" width=\"300\" height=\"300\" srcset=\"https:\/\/artworkprofesional.com\/wp-content\/uploads\/2022\/07\/mono-verano-2-300x300.jpg 300w, https:\/\/artworkprofesional.com\/wp-content\/uploads\/2022\/07\/mono-verano-2-150x150.jpg 150w, https:\/\/artworkprofesional.com\/wp-content\/uploads\/2022\/07\/mono-verano-2-768x768.jpg 768w, https:\/\/artworkprofesional.com\/wp-content\/uploads\/2022\/07\/mono-verano-2-12x12.jpg 12w, https:\/\/artworkprofesional.com\/wp-content\/uploads\/2022\/07\/mono-verano-2-800x800.jpg 800w, https:\/\/artworkprofesional.com\/wp-content\/uploads\/2022\/07\/mono-verano-2-100x100.jpg 100w, https:\/\/artworkprofesional.com\/wp-content\/uploads\/2022\/07\/mono-verano-2.jpg 1000w\" sizes=\"auto, (max-width: 300px) 100vw, 300px\" \/><img loading=\"lazy\" decoding=\"async\" class=\"alignnone size-medium wp-image-3372\" src=\"https:\/\/artworkprofesional.com\/wp-content\/uploads\/2022\/07\/mono-verano-300x300.jpg\" alt=\"\" width=\"300\" height=\"300\" srcset=\"https:\/\/artworkprofesional.com\/wp-content\/uploads\/2022\/07\/mono-verano-300x300.jpg 300w, https:\/\/artworkprofesional.com\/wp-content\/uploads\/2022\/07\/mono-verano-150x150.jpg 150w, https:\/\/artworkprofesional.com\/wp-content\/uploads\/2022\/07\/mono-verano-768x768.jpg 768w, https:\/\/artworkprofesional.com\/wp-content\/uploads\/2022\/07\/mono-verano-12x12.jpg 12w, https:\/\/artworkprofesional.com\/wp-content\/uploads\/2022\/07\/mono-verano-800x800.jpg 800w, https:\/\/artworkprofesional.com\/wp-content\/uploads\/2022\/07\/mono-verano-100x100.jpg 100w, https:\/\/artworkprofesional.com\/wp-content\/uploads\/2022\/07\/mono-verano.jpg 1000w\" sizes=\"auto, (max-width: 300px) 100vw, 300px\" \/><img loading=\"lazy\" decoding=\"async\" class=\"alignnone size-medium wp-image-3373\" src=\"https:\/\/artworkprofesional.com\/wp-content\/uploads\/2022\/07\/mono-verano-3-300x300.jpg\" alt=\"\" width=\"300\" height=\"300\" srcset=\"https:\/\/artworkprofesional.com\/wp-content\/uploads\/2022\/07\/mono-verano-3-300x300.jpg 300w, https:\/\/artworkprofesional.com\/wp-content\/uploads\/2022\/07\/mono-verano-3-150x150.jpg 150w, https:\/\/artworkprofesional.com\/wp-content\/uploads\/2022\/07\/mono-verano-3-768x768.jpg 768w, https:\/\/artworkprofesional.com\/wp-content\/uploads\/2022\/07\/mono-verano-3-12x12.jpg 12w, https:\/\/artworkprofesional.com\/wp-content\/uploads\/2022\/07\/mono-verano-3-800x800.jpg 800w, https:\/\/artworkprofesional.com\/wp-content\/uploads\/2022\/07\/mono-verano-3-100x100.jpg 100w, https:\/\/artworkprofesional.com\/wp-content\/uploads\/2022\/07\/mono-verano-3.jpg 1000w\" sizes=\"auto, (max-width: 300px) 100vw, 300px\" \/><img loading=\"lazy\" decoding=\"async\" class=\"alignnone size-medium wp-image-3379\" src=\"https:\/\/artworkprofesional.com\/wp-content\/uploads\/2022\/07\/mono-verano-4-300x300.jpg\" alt=\"\" width=\"300\" height=\"300\" srcset=\"https:\/\/artworkprofesional.com\/wp-content\/uploads\/2022\/07\/mono-verano-4-300x300.jpg 300w, https:\/\/artworkprofesional.com\/wp-content\/uploads\/2022\/07\/mono-verano-4-150x150.jpg 150w, https:\/\/artworkprofesional.com\/wp-content\/uploads\/2022\/07\/mono-verano-4-768x768.jpg 768w, https:\/\/artworkprofesional.com\/wp-content\/uploads\/2022\/07\/mono-verano-4-12x12.jpg 12w, https:\/\/artworkprofesional.com\/wp-content\/uploads\/2022\/07\/mono-verano-4-800x800.jpg 800w, https:\/\/artworkprofesional.com\/wp-content\/uploads\/2022\/07\/mono-verano-4-100x100.jpg 100w, https:\/\/artworkprofesional.com\/wp-content\/uploads\/2022\/07\/mono-verano-4.jpg 1000w\" sizes=\"auto, (max-width: 300px) 100vw, 300px\" \/><\/p>\n<blockquote><p><strong>Echa un vistazo a los productos de\u00a0<a href=\"https:\/\/artworkprofesional.com\/en\/categoria-de-producto\/styling\/\">styling<\/a> que te ayudar\u00e1n a crear texturas, proteger el cabello del sol y aportar fijaci\u00f3n a tus peinados.<\/strong><\/p><\/blockquote>\n<p>&nbsp;<\/p>","protected":false},"excerpt":{"rendered":"<p>Coletas en todas sus versiones, trenzas, mo\u00f1os y semi recogidos. Echa un vistazo a los peinados de la \u00faltima Pasarela<\/p>","protected":false},"author":5,"featured_media":3369,"comment_status":"open","ping_status":"open","sticky":false,"template":"","format":"standard","meta":{"footnotes":""},"categories":[1],"tags":[],"class_list":["post-3361","post","type-post","status-publish","format-standard","has-post-thumbnail","hentry","category-sin-categoria"],"yoast_head":"<!-- This site is optimized with the Yoast SEO plugin v27.4 - https:\/\/yoast.com\/product\/yoast-seo-wordpress\/ -->\n<title>Peinados ideales para el verano - Art Work Professional<\/title>\n<meta name=\"robots\" content=\"index, follow, max-snippet:-1, max-image-preview:large, max-video-preview:-1\" \/>\n<link rel=\"canonical\" href=\"https:\/\/artworkprofesional.com\/en\/peinados-ideales-para-el-verano\/\" \/>\n<meta property=\"og:locale\" content=\"en_US\" \/>\n<meta property=\"og:type\" content=\"article\" \/>\n<meta property=\"og:title\" content=\"Peinados ideales para el verano - Art Work Professional\" \/>\n<meta property=\"og:description\" content=\"Coletas en todas sus versiones, trenzas, mo\u00f1os y semi recogidos. Echa un vistazo a los peinados de la \u00faltima Pasarela\" \/>\n<meta property=\"og:url\" content=\"https:\/\/artworkprofesional.com\/en\/peinados-ideales-para-el-verano\/\" \/>\n<meta property=\"og:site_name\" content=\"Art Work Professional\" \/>\n<meta property=\"article:publisher\" content=\"https:\/\/www.facebook.com\/artworkprofessional\/\" \/>\n<meta property=\"article:published_time\" content=\"2022-07-19T08:58:09+00:00\" \/>\n<meta property=\"article:modified_time\" content=\"2022-07-19T10:19:35+00:00\" \/>\n<meta property=\"og:image\" content=\"https:\/\/artworkprofesional.com\/wp-content\/uploads\/2022\/07\/peinado-coleta-verano-4.jpg\" \/>\n\t<meta property=\"og:image:width\" content=\"1000\" \/>\n\t<meta property=\"og:image:height\" content=\"1000\" \/>\n\t<meta property=\"og:image:type\" content=\"image\/jpeg\" \/>\n<meta name=\"author\" content=\"Marketing\" \/>\n<meta name=\"twitter:card\" content=\"summary_large_image\" \/>\n<meta name=\"twitter:label1\" content=\"Written by\" \/>\n\t<meta name=\"twitter:data1\" content=\"Marketing\" \/>\n\t<meta name=\"twitter:label2\" content=\"Est. reading time\" \/>\n\t<meta name=\"twitter:data2\" content=\"4 minutes\" \/>\n<script type=\"application\/ld+json\" class=\"yoast-schema-graph\">{\"@context\":\"https:\\\/\\\/schema.org\",\"@graph\":[{\"@type\":\"Article\",\"@id\":\"https:\\\/\\\/artworkprofesional.com\\\/peinados-ideales-para-el-verano\\\/#article\",\"isPartOf\":{\"@id\":\"https:\\\/\\\/artworkprofesional.com\\\/peinados-ideales-para-el-verano\\\/\"},\"author\":{\"name\":\"Marketing\",\"@id\":\"https:\\\/\\\/artworkprofesional.com\\\/#\\\/schema\\\/person\\\/119b9aa67ad7cf7b5ddc152bdbf5f6f0\"},\"headline\":\"Peinados ideales para el verano\",\"datePublished\":\"2022-07-19T08:58:09+00:00\",\"dateModified\":\"2022-07-19T10:19:35+00:00\",\"mainEntityOfPage\":{\"@id\":\"https:\\\/\\\/artworkprofesional.com\\\/peinados-ideales-para-el-verano\\\/\"},\"wordCount\":258,\"commentCount\":0,\"publisher\":{\"@id\":\"https:\\\/\\\/artworkprofesional.com\\\/#organization\"},\"image\":{\"@id\":\"https:\\\/\\\/artworkprofesional.com\\\/peinados-ideales-para-el-verano\\\/#primaryimage\"},\"thumbnailUrl\":\"https:\\\/\\\/artworkprofesional.com\\\/wp-content\\\/uploads\\\/2022\\\/07\\\/peinado-coleta-verano-4.jpg\",\"articleSection\":[\"Sin categor\u00eda\"],\"inLanguage\":\"en-US\",\"potentialAction\":[{\"@type\":\"CommentAction\",\"name\":\"Comment\",\"target\":[\"https:\\\/\\\/artworkprofesional.com\\\/peinados-ideales-para-el-verano\\\/#respond\"]}]},{\"@type\":\"WebPage\",\"@id\":\"https:\\\/\\\/artworkprofesional.com\\\/peinados-ideales-para-el-verano\\\/\",\"url\":\"https:\\\/\\\/artworkprofesional.com\\\/peinados-ideales-para-el-verano\\\/\",\"name\":\"Peinados ideales para el verano - Art Work Professional\",\"isPartOf\":{\"@id\":\"https:\\\/\\\/artworkprofesional.com\\\/#website\"},\"primaryImageOfPage\":{\"@id\":\"https:\\\/\\\/artworkprofesional.com\\\/peinados-ideales-para-el-verano\\\/#primaryimage\"},\"image\":{\"@id\":\"https:\\\/\\\/artworkprofesional.com\\\/peinados-ideales-para-el-verano\\\/#primaryimage\"},\"thumbnailUrl\":\"https:\\\/\\\/artworkprofesional.com\\\/wp-content\\\/uploads\\\/2022\\\/07\\\/peinado-coleta-verano-4.jpg\",\"datePublished\":\"2022-07-19T08:58:09+00:00\",\"dateModified\":\"2022-07-19T10:19:35+00:00\",\"breadcrumb\":{\"@id\":\"https:\\\/\\\/artworkprofesional.com\\\/peinados-ideales-para-el-verano\\\/#breadcrumb\"},\"inLanguage\":\"en-US\",\"potentialAction\":[{\"@type\":\"ReadAction\",\"target\":[\"https:\\\/\\\/artworkprofesional.com\\\/peinados-ideales-para-el-verano\\\/\"]}]},{\"@type\":\"ImageObject\",\"inLanguage\":\"en-US\",\"@id\":\"https:\\\/\\\/artworkprofesional.com\\\/peinados-ideales-para-el-verano\\\/#primaryimage\",\"url\":\"https:\\\/\\\/artworkprofesional.com\\\/wp-content\\\/uploads\\\/2022\\\/07\\\/peinado-coleta-verano-4.jpg\",\"contentUrl\":\"https:\\\/\\\/artworkprofesional.com\\\/wp-content\\\/uploads\\\/2022\\\/07\\\/peinado-coleta-verano-4.jpg\",\"width\":1000,\"height\":1000},{\"@type\":\"BreadcrumbList\",\"@id\":\"https:\\\/\\\/artworkprofesional.com\\\/peinados-ideales-para-el-verano\\\/#breadcrumb\",\"itemListElement\":[{\"@type\":\"ListItem\",\"position\":1,\"name\":\"Portada\",\"item\":\"https:\\\/\\\/artworkprofesional.com\\\/\"},{\"@type\":\"ListItem\",\"position\":2,\"name\":\"Peinados ideales para el verano\"}]},{\"@type\":\"WebSite\",\"@id\":\"https:\\\/\\\/artworkprofesional.com\\\/#website\",\"url\":\"https:\\\/\\\/artworkprofesional.com\\\/\",\"name\":\"Art Work Professional\",\"description\":\"Hair Creativity\",\"publisher\":{\"@id\":\"https:\\\/\\\/artworkprofesional.com\\\/#organization\"},\"potentialAction\":[{\"@type\":\"SearchAction\",\"target\":{\"@type\":\"EntryPoint\",\"urlTemplate\":\"https:\\\/\\\/artworkprofesional.com\\\/?s={search_term_string}\"},\"query-input\":{\"@type\":\"PropertyValueSpecification\",\"valueRequired\":true,\"valueName\":\"search_term_string\"}}],\"inLanguage\":\"en-US\"},{\"@type\":\"Organization\",\"@id\":\"https:\\\/\\\/artworkprofesional.com\\\/#organization\",\"name\":\"ArtWork Professional\",\"url\":\"https:\\\/\\\/artworkprofesional.com\\\/\",\"logo\":{\"@type\":\"ImageObject\",\"inLanguage\":\"en-US\",\"@id\":\"https:\\\/\\\/artworkprofesional.com\\\/#\\\/schema\\\/logo\\\/image\\\/\",\"url\":\"https:\\\/\\\/artworkprofesional.com\\\/wp-content\\\/uploads\\\/2021\\\/03\\\/LOGO-ARTWORK-negro-sinfondo.png\",\"contentUrl\":\"https:\\\/\\\/artworkprofesional.com\\\/wp-content\\\/uploads\\\/2021\\\/03\\\/LOGO-ARTWORK-negro-sinfondo.png\",\"width\":749,\"height\":389,\"caption\":\"ArtWork Professional\"},\"image\":{\"@id\":\"https:\\\/\\\/artworkprofesional.com\\\/#\\\/schema\\\/logo\\\/image\\\/\"},\"sameAs\":[\"https:\\\/\\\/www.facebook.com\\\/artworkprofessional\\\/\",\"https:\\\/\\\/www.instagram.com\\\/artwork.profesional\\\/?hl=es\"]},{\"@type\":\"Person\",\"@id\":\"https:\\\/\\\/artworkprofesional.com\\\/#\\\/schema\\\/person\\\/119b9aa67ad7cf7b5ddc152bdbf5f6f0\",\"name\":\"Marketing\",\"image\":{\"@type\":\"ImageObject\",\"inLanguage\":\"en-US\",\"@id\":\"https:\\\/\\\/secure.gravatar.com\\\/avatar\\\/757d5d6c2cea8ae3c557ea75de6a1c76640f7a9474b888707d295c18721d27c1?s=96&d=mm&r=g\",\"url\":\"https:\\\/\\\/secure.gravatar.com\\\/avatar\\\/757d5d6c2cea8ae3c557ea75de6a1c76640f7a9474b888707d295c18721d27c1?s=96&d=mm&r=g\",\"contentUrl\":\"https:\\\/\\\/secure.gravatar.com\\\/avatar\\\/757d5d6c2cea8ae3c557ea75de6a1c76640f7a9474b888707d295c18721d27c1?s=96&d=mm&r=g\",\"caption\":\"Marketing\"}}]}<\/script>\n<!-- \/ Yoast SEO plugin. -->","yoast_head_json":{"title":"Peinados ideales para el verano - Art Work Professional","robots":{"index":"index","follow":"follow","max-snippet":"max-snippet:-1","max-image-preview":"max-image-preview:large","max-video-preview":"max-video-preview:-1"},"canonical":"https:\/\/artworkprofesional.com\/en\/peinados-ideales-para-el-verano\/","og_locale":"en_US","og_type":"article","og_title":"Peinados ideales para el verano - Art Work Professional","og_description":"Coletas en todas sus versiones, trenzas, mo\u00f1os y semi recogidos. Echa un vistazo a los peinados de la \u00faltima Pasarela","og_url":"https:\/\/artworkprofesional.com\/en\/peinados-ideales-para-el-verano\/","og_site_name":"Art Work Professional","article_publisher":"https:\/\/www.facebook.com\/artworkprofessional\/","article_published_time":"2022-07-19T08:58:09+00:00","article_modified_time":"2022-07-19T10:19:35+00:00","og_image":[{"width":1000,"height":1000,"url":"https:\/\/artworkprofesional.com\/wp-content\/uploads\/2022\/07\/peinado-coleta-verano-4.jpg","type":"image\/jpeg"}],"author":"Marketing","twitter_card":"summary_large_image","twitter_misc":{"Written by":"Marketing","Est. reading time":"4 minutes"},"schema":{"@context":"https:\/\/schema.org","@graph":[{"@type":"Article","@id":"https:\/\/artworkprofesional.com\/peinados-ideales-para-el-verano\/#article","isPartOf":{"@id":"https:\/\/artworkprofesional.com\/peinados-ideales-para-el-verano\/"},"author":{"name":"Marketing","@id":"https:\/\/artworkprofesional.com\/#\/schema\/person\/119b9aa67ad7cf7b5ddc152bdbf5f6f0"},"headline":"Peinados ideales para el verano","datePublished":"2022-07-19T08:58:09+00:00","dateModified":"2022-07-19T10:19:35+00:00","mainEntityOfPage":{"@id":"https:\/\/artworkprofesional.com\/peinados-ideales-para-el-verano\/"},"wordCount":258,"commentCount":0,"publisher":{"@id":"https:\/\/artworkprofesional.com\/#organization"},"image":{"@id":"https:\/\/artworkprofesional.com\/peinados-ideales-para-el-verano\/#primaryimage"},"thumbnailUrl":"https:\/\/artworkprofesional.com\/wp-content\/uploads\/2022\/07\/peinado-coleta-verano-4.jpg","articleSection":["Sin categor\u00eda"],"inLanguage":"en-US","potentialAction":[{"@type":"CommentAction","name":"Comment","target":["https:\/\/artworkprofesional.com\/peinados-ideales-para-el-verano\/#respond"]}]},{"@type":"WebPage","@id":"https:\/\/artworkprofesional.com\/peinados-ideales-para-el-verano\/","url":"https:\/\/artworkprofesional.com\/peinados-ideales-para-el-verano\/","name":"Peinados ideales para el verano - Art Work Professional","isPartOf":{"@id":"https:\/\/artworkprofesional.com\/#website"},"primaryImageOfPage":{"@id":"https:\/\/artworkprofesional.com\/peinados-ideales-para-el-verano\/#primaryimage"},"image":{"@id":"https:\/\/artworkprofesional.com\/peinados-ideales-para-el-verano\/#primaryimage"},"thumbnailUrl":"https:\/\/artworkprofesional.com\/wp-content\/uploads\/2022\/07\/peinado-coleta-verano-4.jpg","datePublished":"2022-07-19T08:58:09+00:00","dateModified":"2022-07-19T10:19:35+00:00","breadcrumb":{"@id":"https:\/\/artworkprofesional.com\/peinados-ideales-para-el-verano\/#breadcrumb"},"inLanguage":"en-US","potentialAction":[{"@type":"ReadAction","target":["https:\/\/artworkprofesional.com\/peinados-ideales-para-el-verano\/"]}]},{"@type":"ImageObject","inLanguage":"en-US","@id":"https:\/\/artworkprofesional.com\/peinados-ideales-para-el-verano\/#primaryimage","url":"https:\/\/artworkprofesional.com\/wp-content\/uploads\/2022\/07\/peinado-coleta-verano-4.jpg","contentUrl":"https:\/\/artworkprofesional.com\/wp-content\/uploads\/2022\/07\/peinado-coleta-verano-4.jpg","width":1000,"height":1000},{"@type":"BreadcrumbList","@id":"https:\/\/artworkprofesional.com\/peinados-ideales-para-el-verano\/#breadcrumb","itemListElement":[{"@type":"ListItem","position":1,"name":"Portada","item":"https:\/\/artworkprofesional.com\/"},{"@type":"ListItem","position":2,"name":"Peinados ideales para el verano"}]},{"@type":"WebSite","@id":"https:\/\/artworkprofesional.com\/#website","url":"https:\/\/artworkprofesional.com\/","name":"Art Work Professional","description":"Hair Creativity","publisher":{"@id":"https:\/\/artworkprofesional.com\/#organization"},"potentialAction":[{"@type":"SearchAction","target":{"@type":"EntryPoint","urlTemplate":"https:\/\/artworkprofesional.com\/?s={search_term_string}"},"query-input":{"@type":"PropertyValueSpecification","valueRequired":true,"valueName":"search_term_string"}}],"inLanguage":"en-US"},{"@type":"Organization","@id":"https:\/\/artworkprofesional.com\/#organization","name":"ArtWork Professional","url":"https:\/\/artworkprofesional.com\/","logo":{"@type":"ImageObject","inLanguage":"en-US","@id":"https:\/\/artworkprofesional.com\/#\/schema\/logo\/image\/","url":"https:\/\/artworkprofesional.com\/wp-content\/uploads\/2021\/03\/LOGO-ARTWORK-negro-sinfondo.png","contentUrl":"https:\/\/artworkprofesional.com\/wp-content\/uploads\/2021\/03\/LOGO-ARTWORK-negro-sinfondo.png","width":749,"height":389,"caption":"ArtWork Professional"},"image":{"@id":"https:\/\/artworkprofesional.com\/#\/schema\/logo\/image\/"},"sameAs":["https:\/\/www.facebook.com\/artworkprofessional\/","https:\/\/www.instagram.com\/artwork.profesional\/?hl=es"]},{"@type":"Person","@id":"https:\/\/artworkprofesional.com\/#\/schema\/person\/119b9aa67ad7cf7b5ddc152bdbf5f6f0","name":"Marketing","image":{"@type":"ImageObject","inLanguage":"en-US","@id":"https:\/\/secure.gravatar.com\/avatar\/757d5d6c2cea8ae3c557ea75de6a1c76640f7a9474b888707d295c18721d27c1?s=96&d=mm&r=g","url":"https:\/\/secure.gravatar.com\/avatar\/757d5d6c2cea8ae3c557ea75de6a1c76640f7a9474b888707d295c18721d27c1?s=96&d=mm&r=g","contentUrl":"https:\/\/secure.gravatar.com\/avatar\/757d5d6c2cea8ae3c557ea75de6a1c76640f7a9474b888707d295c18721d27c1?s=96&d=mm&r=g","caption":"Marketing"}}]}},"_links":{"self":[{"href":"https:\/\/artworkprofesional.com\/en\/wp-json\/wp\/v2\/posts\/3361","targetHints":{"allow":["GET"]}}],"collection":[{"href":"https:\/\/artworkprofesional.com\/en\/wp-json\/wp\/v2\/posts"}],"about":[{"href":"https:\/\/artworkprofesional.com\/en\/wp-json\/wp\/v2\/types\/post"}],"author":[{"embeddable":true,"href":"https:\/\/artworkprofesional.com\/en\/wp-json\/wp\/v2\/users\/5"}],"replies":[{"embeddable":true,"href":"https:\/\/artworkprofesional.com\/en\/wp-json\/wp\/v2\/comments?post=3361"}],"version-history":[{"count":6,"href":"https:\/\/artworkprofesional.com\/en\/wp-json\/wp\/v2\/posts\/3361\/revisions"}],"predecessor-version":[{"id":3375,"href":"https:\/\/artworkprofesional.com\/en\/wp-json\/wp\/v2\/posts\/3361\/revisions\/3375"}],"wp:featuredmedia":[{"embeddable":true,"href":"https:\/\/artworkprofesional.com\/en\/wp-json\/wp\/v2\/media\/3369"}],"wp:attachment":[{"href":"https:\/\/artworkprofesional.com\/en\/wp-json\/wp\/v2\/media?parent=3361"}],"wp:term":[{"taxonomy":"category","embeddable":true,"href":"https:\/\/artworkprofesional.com\/en\/wp-json\/wp\/v2\/categories?post=3361"},{"taxonomy":"post_tag","embeddable":true,"href":"https:\/\/artworkprofesional.com\/en\/wp-json\/wp\/v2\/tags?post=3361"}],"curies":[{"name":"wp","href":"https:\/\/api.w.org\/{rel}","templated":true}]}}